{"id":17082,"date":"2025-06-27T05:58:41","date_gmt":"2025-06-27T05:58:41","guid":{"rendered":"https:\/\/matala-pitsidia.com\/?p=17082"},"modified":"2025-07-03T12:41:52","modified_gmt":"2025-07-03T12:41:52","slug":"matala-beach-festival-2025","status":"publish","type":"post","link":"https:\/\/matala-pitsidia.com\/de\/matala-beach-festival-2025\/","title":{"rendered":"Matala Beach Festival"},"content":{"rendered":"<div data-elementor-type=\"wp-post\" data-elementor-id=\"17082\" class=\"elementor elementor-17082\" data-elementor-post-type=\"post\">\n\t\t\t\t<div class=\"elementor-element elementor-element-295ed120 e-flex e-con-boxed e-con e-parent\" data-id=\"295ed120\" data-element_type=\"container\">\n\t\t\t\t\t<div class=\"e-con-inner\">\n\t\t\t\t<div class=\"elementor-element elementor-element-517aa3be elementor-widget elementor-widget-image\" data-id=\"517aa3be\" data-element_type=\"widget\" data-widget_type=\"image.default\">\n\t\t\t\t<div class=\"elementor-widget-container\">\n\t\t\t\t\t\t\t\t\t\t\t\t\t\t\t<img decoding=\"async\" width=\"300\" height=\"111\" src=\"https:\/\/matala-pitsidia.com\/wp-content\/uploads\/2025\/03\/blog-300x111.png\" class=\"attachment-medium size-medium wp-image-16171\" alt=\"\" srcset=\"https:\/\/matala-pitsidia.com\/wp-content\/uploads\/2025\/03\/blog-300x111.png 300w, https:\/\/matala-pitsidia.com\/wp-content\/uploads\/2025\/03\/blog-18x7.png 18w, https:\/\/matala-pitsidia.com\/wp-content\/uploads\/2025\/03\/blog.png 584w\" sizes=\"(max-width: 300px) 100vw, 300px\" \/>\t\t\t\t\t\t\t\t\t\t\t\t\t\t\t<\/div>\n\t\t\t\t<\/div>\n\t\t\t\t\t<\/div>\n\t\t\t\t<\/div>\n\t\t<div class=\"elementor-element elementor-element-2de21fcb e-flex e-con-boxed e-con e-parent\" data-id=\"2de21fcb\" data-element_type=\"container\">\n\t\t\t\t\t<div class=\"e-con-inner\">\n\t\t<div class=\"elementor-element elementor-element-166b5af9 e-con-full e-flex e-con e-child\" data-id=\"166b5af9\" data-element_type=\"container\">\n\t\t\t\t<\/div>\n\t\t<div class=\"elementor-element elementor-element-16b0cfeb e-con-full e-flex e-con e-child\" data-id=\"16b0cfeb\" data-element_type=\"container\">\n\t\t<div class=\"elementor-element elementor-element-1cc766e4 e-con-full e-flex e-con e-child\" data-id=\"1cc766e4\" data-element_type=\"container\">\n\t\t\t\t<div class=\"elementor-element elementor-element-249e230f elementor-widget elementor-widget-heading\" data-id=\"249e230f\" data-element_type=\"widget\" data-widget_type=\"heading.default\">\n\t\t\t\t<div class=\"elementor-widget-container\">\n\t\t\t\t\t<h1 class=\"elementor-heading-title elementor-size-default\">\ud83c\udfb6Matala Street Painting &amp; Matala Beach Festival 2025\ud83c\udfa8<\/h1>\t\t\t\t<\/div>\n\t\t\t\t<\/div>\n\t\t\t\t<div class=\"elementor-element elementor-element-2e4eef5f elementor-widget elementor-widget-heading\" data-id=\"2e4eef5f\" data-element_type=\"widget\" data-widget_type=\"heading.default\">\n\t\t\t\t<div class=\"elementor-widget-container\">\n\t\t\t\t\t<h3 class=\"elementor-heading-title elementor-size-default\">Vom Pinsel zum Beat \u2013 Matala kleidet sich in Sommerfarben!<\/h3>\t\t\t\t<\/div>\n\t\t\t\t<\/div>\n\t\t\t\t<div class=\"elementor-element elementor-element-736e8244 elementor-widget elementor-widget-text-editor\" data-id=\"736e8244\" data-element_type=\"widget\" data-widget_type=\"text-editor.default\">\n\t\t\t\t<div class=\"elementor-widget-container\">\n\t\t\t\t\t\t\t\t\t<p>Wenn Kunst das Meer trifft und Musik mit dem Licht des S\u00fcdens verschmilzt, wei\u00dft du, dass du in Matala bist. Hier, wo Kreativit\u00e4t lebendig wird \u2013 auf den Stra\u00dfen in Farbe und auf der B\u00fchne im Klang.<\/p>\t\t\t\t\t\t\t\t<\/div>\n\t\t\t\t<\/div>\n\t\t\t\t<div class=\"elementor-element elementor-element-29dfe151 elementor-widget elementor-widget-image\" data-id=\"29dfe151\" data-element_type=\"widget\" data-widget_type=\"image.default\">\n\t\t\t\t<div class=\"elementor-widget-container\">\n\t\t\t\t\t\t\t\t\t\t\t\t\t\t\t<img fetchpriority=\"high\" decoding=\"async\" width=\"819\" height=\"1024\" src=\"https:\/\/matala-pitsidia.com\/wp-content\/uploads\/2025\/06\/2025-Matala-Beach-Festival-819x1024.jpg\" class=\"attachment-large size-large wp-image-17084\" alt=\"\" srcset=\"https:\/\/matala-pitsidia.com\/wp-content\/uploads\/2025\/06\/2025-Matala-Beach-Festival-819x1024.jpg 819w, https:\/\/matala-pitsidia.com\/wp-content\/uploads\/2025\/06\/2025-Matala-Beach-Festival-240x300.jpg 240w, https:\/\/matala-pitsidia.com\/wp-content\/uploads\/2025\/06\/2025-Matala-Beach-Festival-768x960.jpg 768w, https:\/\/matala-pitsidia.com\/wp-content\/uploads\/2025\/06\/2025-Matala-Beach-Festival-10x12.jpg 10w, https:\/\/matala-pitsidia.com\/wp-content\/uploads\/2025\/06\/2025-Matala-Beach-Festival.jpg 1080w\" sizes=\"(max-width: 819px) 100vw, 819px\" \/>\t\t\t\t\t\t\t\t\t\t\t\t\t\t\t<\/div>\n\t\t\t\t<\/div>\n\t\t\t\t<div class=\"elementor-element elementor-element-508b3c65 elementor-widget__width-initial elementor-widget elementor-widget-text-editor\" data-id=\"508b3c65\" data-element_type=\"widget\" data-widget_type=\"text-editor.default\">\n\t\t\t\t<div class=\"elementor-widget-container\">\n\t\t\t\t\t\t\t\t\t<p>\ud83c\udf08 <strong><strong>Matala Street Painting - Sonntag<\/strong><\/strong><strong> <strong>29 Juni<\/strong><\/strong><strong> 2025<\/strong><\/p><p>\u00a0<\/p><p>Ein Fest der Farben, der Fantasie und des Miteinanders! Das beliebte Event findet zum 14. Mal statt und verwandelt die Stra\u00dfen von Matala in eine fr\u00f6hliche, lebendige Open-Air-Leinwand.<\/p><p>\ud83d\udd64 Beginn um 09:30 Uhr \u2013 die Stra\u00dfe wird zur Leinwand und jeder ist willkommen!<\/p><p>Profis, Amateure, Graffiti-K\u00fcnstler und Farbliebhaber \u2013 alle sind eingeladen, ihre Spuren zu hinterlassen.<\/p><p>\ud83d\udd8c\ufe0f Du bringst die Pinsel \u2013 wir bringen die Farben!<\/p><p>Platz reservieren: +30 697 684 4953<\/p><p>\ud83c\udf9f\ufe0f Teilnahme: Kostenlos<\/p><p>Denn in Matala bleibt Kunst nicht an der Wand \u2013 sie flie\u00dft durch die Stra\u00dfen.<\/p><p>\u00a0<\/p><p>\ud83c\udfb6 <strong>Matala<\/strong><strong> Beach<\/strong><strong> Festival<\/strong><strong> <strong>\u2013 4.\u20136. Juli 2025<\/strong><\/strong><\/p><p>\u00a0<\/p><p>Und dann\u2026 gehen die Lichter an und die Musik beginnt! Das Matala Beach Festival breitet seine Fl\u00fcgel aus und l\u00e4dt uns zu einem einzigartigen 3-t\u00e4gigen Erlebnis ein.<\/p><p>\ud83c\udf89 Eintritt frei und pure Freiheit \u2013 wie immer!<\/p><p>Tags\u00fcber ist Matala erf\u00fcllt von Aktivit\u00e4ten &amp; Happenings, Live-Musik, Kunsthandwerksbasar, Kinderecke, Stra\u00dfenk\u00fcnstlern und Campers. Alles unter dem Himmel von Matalas freigeistiger Seele.<\/p><p>\u00a0<\/p><p><strong>\ud83d\udd39<\/strong><strong> \ud83c\udfa4 <strong>Konzertprogramm<\/strong><\/strong><\/p><p><strong>\ud83c\udfb8<\/strong><strong> <strong>Freitag, 4. Juli<\/strong> <\/strong>Rock &amp; Psychedelic Kl\u00e4nge:<\/p><p>Reign of Time<\/p><p>Gemma<\/p><p>Hermaphrodite\u2019s Child<\/p><p>Jaime Dolce \u2013 Jimi Hendrix Tribute<\/p><p>Dimitris Grigorakis<\/p><p>\u00a0<\/p><p><strong>\ud83c\udfa4<\/strong><strong> <strong>Samstag, 5. Juli<\/strong><\/strong> - Pop, Soul &amp; Griechischer Groove:<\/p><p>STAVENTO<\/p><p>Daphne Lawrence<\/p><p>Nefeli Fasouli<\/p><p>Son &amp; Daughter \u2013 Queen Tribute<\/p><p>Frankie Lucc<\/p><p>Anthony<\/p><p>\u00a0<\/p><p><strong>\ud83c\udfb7<\/strong><strong> Sonntag<\/strong><strong> <strong> Sonntag, 6. Juli<\/strong><\/strong> - Gef\u00fchle &amp; Finale:<\/p><p>Queen G<\/p><p>Vaggelio Fasoulaki<\/p><p>L\u00e9ona &amp; Hermaphrodite\u2019s Child<\/p><p>Alone Together<\/p><p>Keffy<\/p><p>\u00a0<\/p><p><strong>\ud83c\udf1f<\/strong><strong> <strong> Parallele B\u00fchnen<\/strong><\/strong><\/p><p>H\u00f6hlen \u2013 Dorfplatz \u2013 Br\u00fccke \u2013 Olivenbaum mit DJs und Live-Acts wie:<\/p><p>Addie Manson, Wolve, HappyHarry, G.Fits, Maximal, Metaxxa, MiKPi, M. Chatzinikolakis, Dafnis, Danae, Nossis\u2026und viele mehr!<\/p><p>\u00a0<\/p><p>Mehr Informationen unter www.matalabeachfestival.org<\/p><p>\u00a0<\/p><p><strong>\u2728<\/strong><strong> <strong>Matala ist nicht nur ein Ort\u2026 es ist ein Lebensgef\u00fchl.<strong><\/strong><\/p><p>\u00a0<\/p><p>Wo die H\u00f6hlen auf das Libysche Meer blicken und Erinnerungen in Farben und Kl\u00e4ngen geschrieben werden.<\/p><p>Komm diesen Sommer und sei Teil dieser Geschichte \u2013 mit Pinsel und Musik im Herzen.<\/p>\t\t\t\t\t\t\t\t<\/div>\n\t\t\t\t<\/div>\n\t\t\t\t<\/div>\n\t\t<div class=\"elementor-element elementor-element-7817d95c e-con-full e-flex e-con e-child\" data-id=\"7817d95c\" data-element_type=\"container\">\n\t\t\t\t<div class=\"elementor-element elementor-element-2d7f1f38 elementor-widget elementor-widget-heading\" data-id=\"2d7f1f38\" data-element_type=\"widget\" data-widget_type=\"heading.default\">\n\t\t\t\t<div class=\"elementor-widget-container\">\n\t\t\t\t\t<h4 class=\"elementor-heading-title elementor-size-default\">Weitere Artikel<\/h4>\t\t\t\t<\/div>\n\t\t\t\t<\/div>\n\t\t\t\t<div class=\"elementor-element elementor-element-b960637 premium-blog-align-center elementor-widget elementor-widget-premium-addon-blog\" data-id=\"b960637\" data-element_type=\"widget\" data-widget_type=\"premium-addon-blog.default\">\n\t\t\t\t<div class=\"elementor-widget-container\">\n\t\t\t\t\t\n\t\t\t\t<div class=\"premium-blog-wrap  premium-blog-list\" data-page=\"17082\">\n\t\t\t\t\t<div class=\"premium-blog-post-outer-container\" data-total=\"6\">\r\n\t\t\t<div class=\"premium-blog-post-container premium-blog-skin-modern\">\r\n\t\t\t\t\t\t\t\t\t\t\t\t<div class=\"premium-blog-content-wrapper empty-thumb\">\r\n\r\n\t\t\t\t\t<div class=\"premium-blog-inner-container\">\r\n\r\n\t\t\t\t\t\t\t\t\t\t\t\t\t\t<p class=\"premium-blog-entry-title\">\r\n\t\t\t<a href=\"https:\/\/matala-pitsidia.com\/de\/matala-beach-festival-2026\/\" target=\"_blank\">\r\n\t\t\t\tMatala Beach Festival 2026\t\t\t<\/a>\r\n\t\t<\/p>\r\n\t\t\t\t<div class=\"premium-blog-entry-meta\">\r\n\t\t\t\r\n\t\t\t\t\t\t\t<span class=\"premium-blog-meta-separator\">\u2022<\/span>\r\n\t\t\t\t<div class=\"premium-blog-post-time premium-blog-meta-data\">\r\n\t\t\t\t\t<i class=\"fa fa-calendar-alt\" aria-hidden=\"true\"><\/i>\r\n\t\t\t\t\t<span>M\u00e4rz 19, 2026<\/span>\r\n\t\t\t\t<\/div>\r\n\t\t\t\r\n\t\t\t\r\n\t\t\t\t\t<\/div>\r\n\t\t\r\n\t\t\t\t\t<\/div>\r\n\r\n\t\t\t\t\t\t\t<div class=\"premium-blog-content-inner-wrapper\">\r\n\t\t<p class=\"premium-blog-post-content\">Matala Beach Festival 2026 - Wird es stattfinden? Was wir wissen &amp; was dich erwartet - Jeden Sommer ver\u00e4ndert Matala seinen Rhythmus.\nDas Meer bleibt gleich, die Sonne geht am selben Ort unter\u2026<\/p>\t\t<\/div>\r\n\t\t\t\t\t\t\t\r\n\t\t\t\t<\/div>\r\n\t\t\t<\/div>\r\n\t\t<\/div>\r\n\r\n\t\t\t\t<div class=\"premium-blog-post-outer-container\" data-total=\"6\">\r\n\t\t\t<div class=\"premium-blog-post-container premium-blog-skin-modern\">\r\n\t\t\t\t\t\t\t\t\t\t\t\t<div class=\"premium-blog-content-wrapper empty-thumb\">\r\n\r\n\t\t\t\t\t<div class=\"premium-blog-inner-container\">\r\n\r\n\t\t\t\t\t\t\t\t\t\t\t\t\t\t<p class=\"premium-blog-entry-title\">\r\n\t\t\t<a href=\"https:\/\/matala-pitsidia.com\/de\/philotimo-in-practice\/\" target=\"_blank\">\r\n\t\t\t\t<strong> Philotimo in der Praxis<\/strong>\t\t\t<\/a>\r\n\t\t<\/p>\r\n\t\t\t\t<div class=\"premium-blog-entry-meta\">\r\n\t\t\t\r\n\t\t\t\t\t\t\t<span class=\"premium-blog-meta-separator\">\u2022<\/span>\r\n\t\t\t\t<div class=\"premium-blog-post-time premium-blog-meta-data\">\r\n\t\t\t\t\t<i class=\"fa fa-calendar-alt\" aria-hidden=\"true\"><\/i>\r\n\t\t\t\t\t<span>August 23, 2025<\/span>\r\n\t\t\t\t<\/div>\r\n\t\t\t\r\n\t\t\t\r\n\t\t\t\t\t<\/div>\r\n\t\t\r\n\t\t\t\t\t<\/div>\r\n\r\n\t\t\t\t\t\t\t<div class=\"premium-blog-content-inner-wrapper\">\r\n\t\t<p class=\"premium-blog-post-content\">Philotimo in der Praxis - Allt\u00e4gliche Haltungen, die den Unterschied machen - Im vorherigen Artikel haben wir \u00fcber Philotimo als Wert und Denkweise gesprochen. In der Praxis...<\/p>\t\t<\/div>\r\n\t\t\t\t\t\t\t\r\n\t\t\t\t<\/div>\r\n\t\t\t<\/div>\r\n\t\t<\/div>\r\n\r\n\t\t\t\t<div class=\"premium-blog-post-outer-container\" data-total=\"6\">\r\n\t\t\t<div class=\"premium-blog-post-container premium-blog-skin-modern\">\r\n\t\t\t\t\t\t\t\t\t\t\t\t<div class=\"premium-blog-content-wrapper empty-thumb\">\r\n\r\n\t\t\t\t\t<div class=\"premium-blog-inner-container\">\r\n\r\n\t\t\t\t\t\t\t\t\t\t\t\t\t\t<p class=\"premium-blog-entry-title\">\r\n\t\t\t<a href=\"https:\/\/matala-pitsidia.com\/de\/philotimo-the-honour-of-giving\/\" target=\"_blank\">\r\n\t\t\t\t<strong>Philotimo: Die Ehre, ohne Gegenleistung zu geben<\/strong>\t\t\t<\/a>\r\n\t\t<\/p>\r\n\t\t\t\t<div class=\"premium-blog-entry-meta\">\r\n\t\t\t\r\n\t\t\t\t\t\t\t<span class=\"premium-blog-meta-separator\">\u2022<\/span>\r\n\t\t\t\t<div class=\"premium-blog-post-time premium-blog-meta-data\">\r\n\t\t\t\t\t<i class=\"fa fa-calendar-alt\" aria-hidden=\"true\"><\/i>\r\n\t\t\t\t\t<span>August 9, 2025<\/span>\r\n\t\t\t\t<\/div>\r\n\t\t\t\r\n\t\t\t\r\n\t\t\t\t\t<\/div>\r\n\t\t\r\n\t\t\t\t\t<\/div>\r\n\r\n\t\t\t\t\t\t\t<div class=\"premium-blog-content-inner-wrapper\">\r\n\t\t<p class=\"premium-blog-post-content\">Philotimo: Die Ehre, ohne Gegenleistung zu geben -  \u201eDu brauchst kein Dankesch\u00f6n, um zu wissen, dass du das Richtige getan hast. Du sp\u00fcrst es in dir...\"<\/p>\t\t<\/div>\r\n\t\t\t\t\t\t\t\r\n\t\t\t\t<\/div>\r\n\t\t\t<\/div>\r\n\t\t<\/div>\r\n\r\n\t\t\t\t<div class=\"premium-blog-post-outer-container\" data-total=\"6\">\r\n\t\t\t<div class=\"premium-blog-post-container premium-blog-skin-modern\">\r\n\t\t\t\t\t\t\t\t\t\t\t\t<div class=\"premium-blog-content-wrapper empty-thumb\">\r\n\r\n\t\t\t\t\t<div class=\"premium-blog-inner-container\">\r\n\r\n\t\t\t\t\t\t\t\t\t\t\t\t\t\t<p class=\"premium-blog-entry-title\">\r\n\t\t\t<a href=\"https:\/\/matala-pitsidia.com\/de\/hospitality-in-every-day-life\/\" target=\"_blank\">\r\n\t\t\t\t<strong>Gastfreundschaft im Alltag<\/strong>\t\t\t<\/a>\r\n\t\t<\/p>\r\n\t\t\t\t<div class=\"premium-blog-entry-meta\">\r\n\t\t\t\r\n\t\t\t\t\t\t\t<span class=\"premium-blog-meta-separator\">\u2022<\/span>\r\n\t\t\t\t<div class=\"premium-blog-post-time premium-blog-meta-data\">\r\n\t\t\t\t\t<i class=\"fa fa-calendar-alt\" aria-hidden=\"true\"><\/i>\r\n\t\t\t\t\t<span>Juli 26, 2025<\/span>\r\n\t\t\t\t<\/div>\r\n\t\t\t\r\n\t\t\t\r\n\t\t\t\t\t<\/div>\r\n\t\t\r\n\t\t\t\t\t<\/div>\r\n\r\n\t\t\t\t\t\t\t<div class=\"premium-blog-content-inner-wrapper\">\r\n\t\t<p class=\"premium-blog-post-content\">Gastfreundschaft im Alltag - Kleine Taten, die einen Unterschied machen - Es gibt Werte, an die wir uns erst dann erinnern, wenn wir sie fast verloren haben. Die Gastfreundschaft hat Kreta jedoch nie verlassen...<\/p>\t\t<\/div>\r\n\t\t\t\t\t\t\t\r\n\t\t\t\t<\/div>\r\n\t\t\t<\/div>\r\n\t\t<\/div>\r\n\r\n\t\t\t\t<\/div>\n\n\t\t\t\t\t\t<\/div>\n\t\t\t\t<\/div>\n\t\t\t\t<\/div>\n\t\t\t\t<\/div>\n\t\t\t\t\t<\/div>\n\t\t\t\t<\/div>\n\t\t<div class=\"elementor-element elementor-element-2669aa07 e-flex e-con-boxed e-con e-parent\" data-id=\"2669aa07\" data-element_type=\"container\">\n\t\t\t\t\t<div class=\"e-con-inner\">\n\t\t\t\t<div class=\"elementor-element elementor-element-45b766e1 elementor-widget elementor-widget-spacer\" data-id=\"45b766e1\" data-element_type=\"widget\" data-widget_type=\"spacer.default\">\n\t\t\t\t<div class=\"elementor-widget-container\">\n\t\t\t\t\t\t\t<div class=\"elementor-spacer\">\n\t\t\t<div class=\"elementor-spacer-inner\"><\/div>\n\t\t<\/div>\n\t\t\t\t\t\t<\/div>\n\t\t\t\t<\/div>\n\t\t\t\t<div class=\"elementor-element elementor-element-247e050c elementor-widget elementor-widget-heading\" data-id=\"247e050c\" data-element_type=\"widget\" data-widget_type=\"heading.default\">\n\t\t\t\t<div class=\"elementor-widget-container\">\n\t\t\t\t\t<span class=\"elementor-heading-title elementor-size-default\">Lesen Sie auch...<\/span>\t\t\t\t<\/div>\n\t\t\t\t<\/div>\n\t\t<div class=\"elementor-element elementor-element-49e04d52 e-con-full e-flex e-con e-child\" data-id=\"49e04d52\" data-element_type=\"container\">\n\t\t\t\t<div class=\"elementor-element elementor-element-2378c4bf premium-blog-align-left elementor-widget elementor-widget-premium-addon-blog\" data-id=\"2378c4bf\" data-element_type=\"widget\" data-settings=\"{&quot;premium_blog_grid&quot;:&quot;yes&quot;,&quot;premium_blog_layout&quot;:&quot;even&quot;,&quot;premium_blog_columns_number&quot;:&quot;50%&quot;,&quot;premium_blog_columns_number_tablet&quot;:&quot;50%&quot;,&quot;premium_blog_columns_number_mobile&quot;:&quot;100%&quot;,&quot;scroll_to_offset&quot;:&quot;yes&quot;}\" data-widget_type=\"premium-addon-blog.default\">\n\t\t\t\t<div class=\"elementor-widget-container\">\n\t\t\t\t\t\n\t\t\t\t<div class=\"premium-blog-wrap  premium-blog-even\" data-page=\"17082\">\n\t\t\t\t\t<div class=\"premium-blog-post-outer-container\" data-total=\"12\">\r\n\t\t\t<div class=\"premium-blog-post-container premium-blog-skin-cards\">\r\n\t\t\t\t\t\t\t\t\t<div class=\"premium-blog-thumb-effect-wrapper\">\r\n\t\t\t\t\t\t<div class=\"premium-blog-thumbnail-container premium-blog-zoomout-effect\">\r\n\t\t\t\t\t\t\t\t\t\t\t<a href=\"https:\/\/matala-pitsidia.com\/de\/25thmartiou\/\" target=\"_blank\">\r\n\t\t\t\t<img decoding=\"async\" width=\"768\" height=\"432\" src=\"https:\/\/matala-pitsidia.com\/wp-content\/uploads\/2025\/03\/25-martiou-768x432.png\" class=\"attachment-medium_large size-medium_large wp-image-16250\" alt=\"\" srcset=\"https:\/\/matala-pitsidia.com\/wp-content\/uploads\/2025\/03\/25-martiou-768x432.png 768w, https:\/\/matala-pitsidia.com\/wp-content\/uploads\/2025\/03\/25-martiou-300x169.png 300w, https:\/\/matala-pitsidia.com\/wp-content\/uploads\/2025\/03\/25-martiou-1024x576.png 1024w, https:\/\/matala-pitsidia.com\/wp-content\/uploads\/2025\/03\/25-martiou-18x10.png 18w, https:\/\/matala-pitsidia.com\/wp-content\/uploads\/2025\/03\/25-martiou.png 1536w\" sizes=\"(max-width: 768px) 100vw, 768px\" \/>\t\t\t\t<\/a>\r\n\t\t\t\t\t\t\t\t\t\t<\/div>\r\n\t\t\t\t\t\t\t\t\t\t\t\t\t<div class=\"premium-blog-effect-container premium-blog-none-effect\">\r\n\t\t\t\t\t\t\t\t<a class=\"premium-blog-post-link\" href=\"https:\/\/matala-pitsidia.com\/de\/25thmartiou\/\" target=\"_blank\"><span>Der Nationale Feiertag am 25. M\u00e4rz<\/span><\/a>\r\n\t\t\t\t\t\t\t\t\t\t\t\t\t\t\t<\/div>\r\n\t\t\t\t\t\t\t\t\t\t\t<\/div>\r\n\t\t\t\t\t\t\t\t\t\t\t\t\t\t\t\t\t\t\t\t\t<div class=\"premium-blog-content-wrapper\">\r\n\r\n\t\t\t\t\t<div class=\"premium-blog-inner-container\">\r\n\r\n\t\t\t\t\t\t\t\t\t\t\t\t\t\t<div class=\"premium-blog-entry-title\">\r\n\t\t\t<a href=\"https:\/\/matala-pitsidia.com\/de\/25thmartiou\/\" target=\"_blank\">\r\n\t\t\t\tDer Nationale Feiertag am 25. M\u00e4rz\t\t\t<\/a>\r\n\t\t<\/div>\r\n\t\t\r\n\t\t\t\t\t<\/div>\r\n\r\n\t\t\t\t\t\t\t<div class=\"premium-blog-content-inner-wrapper\">\r\n\t\t<p class=\"premium-blog-post-content\">Der Nationale Feiertag des 25. M\u00e4rz - Ein Tag der Feier und des Stolzes\nDer 25. M\u00e4rz ist einer der bedeutendsten nationalen und religi\u00f6sen Feiertage in Griechenland. ...<\/p>\t\t<\/div>\r\n\t\t\t\t<div class=\"premium-blog-entry-meta\">\r\n\t\t\t\t\t\t\t<div class=\"premium-blog-post-author premium-blog-meta-data\">\r\n\t\t\t\t\t<i class=\"fa fa-user fa-fw\" aria-hidden=\"true\"><\/i>\r\n\t\t\t\t\t<a href=\"https:\/\/matala-pitsidia.com\/de\/author\/sofi\/\" title=\"Beitr\u00e4ge von Sofi\" rel=\"author\">Sofi<\/a>\t\t\t\t<\/div>\r\n\t\t\t\r\n\t\t\t\t\t\t\t<span class=\"premium-blog-meta-separator\">\u2022<\/span>\r\n\t\t\t\t<div class=\"premium-blog-post-time premium-blog-meta-data\">\r\n\t\t\t\t\t<i class=\"fa fa-calendar-alt\" aria-hidden=\"true\"><\/i>\r\n\t\t\t\t\t<span>M\u00e4rz 20, 2025<\/span>\r\n\t\t\t\t<\/div>\r\n\t\t\t\r\n\t\t\t\t\t\t\t<span class=\"premium-blog-meta-separator\">\u2022<\/span>\r\n\t\t\t\t<div class=\"premium-blog-post-categories premium-blog-meta-data\">\r\n\t\t\t\t\t<i class=\"fa fa-align-left fa-fw\" aria-hidden=\"true\"><\/i>\r\n\t\t\t\t\t<a href=\"https:\/\/matala-pitsidia.com\/de\/category\/traditions\/\" rel=\"category tag\">Traditionen<\/a>\t\t\t\t<\/div>\r\n\t\t\t\r\n\t\t\t\t\t<\/div>\r\n\t\t\t\t\t\t\t\r\n\t\t\t\t<\/div>\r\n\t\t\t<\/div>\r\n\t\t<\/div>\r\n\r\n\t\t\t\t<div class=\"premium-blog-post-outer-container\" data-total=\"12\">\r\n\t\t\t<div class=\"premium-blog-post-container premium-blog-skin-cards\">\r\n\t\t\t\t\t\t\t\t\t<div class=\"premium-blog-thumb-effect-wrapper\">\r\n\t\t\t\t\t\t<div class=\"premium-blog-thumbnail-container premium-blog-zoomout-effect\">\r\n\t\t\t\t\t\t\t\t\t\t\t<a href=\"https:\/\/matala-pitsidia.com\/de\/the-cretan-traditions-of-may-day\/\" target=\"_blank\">\r\n\t\t\t\t<img loading=\"lazy\" decoding=\"async\" width=\"768\" height=\"735\" src=\"https:\/\/matala-pitsidia.com\/wp-content\/uploads\/2025\/05\/2025-05-01-768x735.png\" class=\"attachment-medium_large size-medium_large wp-image-16867\" alt=\"\" srcset=\"https:\/\/matala-pitsidia.com\/wp-content\/uploads\/2025\/05\/2025-05-01-768x735.png 768w, https:\/\/matala-pitsidia.com\/wp-content\/uploads\/2025\/05\/2025-05-01-300x287.png 300w, https:\/\/matala-pitsidia.com\/wp-content\/uploads\/2025\/05\/2025-05-01-1024x979.png 1024w, https:\/\/matala-pitsidia.com\/wp-content\/uploads\/2025\/05\/2025-05-01-13x12.png 13w, https:\/\/matala-pitsidia.com\/wp-content\/uploads\/2025\/05\/2025-05-01.png 1080w\" sizes=\"(max-width: 768px) 100vw, 768px\" \/>\t\t\t\t<\/a>\r\n\t\t\t\t\t\t\t\t\t\t<\/div>\r\n\t\t\t\t\t\t\t\t\t\t\t\t\t<div class=\"premium-blog-effect-container premium-blog-none-effect\">\r\n\t\t\t\t\t\t\t\t<a class=\"premium-blog-post-link\" href=\"https:\/\/matala-pitsidia.com\/de\/the-cretan-traditions-of-may-day\/\" target=\"_blank\"><span><strong>Den Mai flechten<\/strong><\/span><\/a>\r\n\t\t\t\t\t\t\t\t\t\t\t\t\t\t\t<\/div>\r\n\t\t\t\t\t\t\t\t\t\t\t<\/div>\r\n\t\t\t\t\t\t\t\t\t\t\t\t\t\t\t\t\t\t\t\t\t<div class=\"premium-blog-content-wrapper\">\r\n\r\n\t\t\t\t\t<div class=\"premium-blog-inner-container\">\r\n\r\n\t\t\t\t\t\t\t\t\t\t\t\t\t\t<div class=\"premium-blog-entry-title\">\r\n\t\t\t<a href=\"https:\/\/matala-pitsidia.com\/de\/the-cretan-traditions-of-may-day\/\" target=\"_blank\">\r\n\t\t\t\t<strong>Den Mai flechten<\/strong>\t\t\t<\/a>\r\n\t\t<\/div>\r\n\t\t\r\n\t\t\t\t\t<\/div>\r\n\r\n\t\t\t\t\t\t\t<div class=\"premium-blog-content-inner-wrapper\">\r\n\t\t<p class=\"premium-blog-post-content\">Den Mai flechten - Die Kretischen Br\u00e4uche zum 1. Mai - Der 1. Mai auf Kreta ist nicht nur ein Datum im Kalender oder ein Fr\u00fchlingsfeiertag. Es ist ein Tag voller...<\/p>\t\t<\/div>\r\n\t\t\t\t<div class=\"premium-blog-entry-meta\">\r\n\t\t\t\t\t\t\t<div class=\"premium-blog-post-author premium-blog-meta-data\">\r\n\t\t\t\t\t<i class=\"fa fa-user fa-fw\" aria-hidden=\"true\"><\/i>\r\n\t\t\t\t\t<a href=\"https:\/\/matala-pitsidia.com\/de\/author\/sofi\/\" title=\"Beitr\u00e4ge von Sofi\" rel=\"author\">Sofi<\/a>\t\t\t\t<\/div>\r\n\t\t\t\r\n\t\t\t\t\t\t\t<span class=\"premium-blog-meta-separator\">\u2022<\/span>\r\n\t\t\t\t<div class=\"premium-blog-post-time premium-blog-meta-data\">\r\n\t\t\t\t\t<i class=\"fa fa-calendar-alt\" aria-hidden=\"true\"><\/i>\r\n\t\t\t\t\t<span>Mai 1, 2025<\/span>\r\n\t\t\t\t<\/div>\r\n\t\t\t\r\n\t\t\t\t\t\t\t<span class=\"premium-blog-meta-separator\">\u2022<\/span>\r\n\t\t\t\t<div class=\"premium-blog-post-categories premium-blog-meta-data\">\r\n\t\t\t\t\t<i class=\"fa fa-align-left fa-fw\" aria-hidden=\"true\"><\/i>\r\n\t\t\t\t\t<a href=\"https:\/\/matala-pitsidia.com\/de\/category\/traditions\/\" rel=\"category tag\">Traditionen<\/a>\t\t\t\t<\/div>\r\n\t\t\t\r\n\t\t\t\t\t<\/div>\r\n\t\t\t\t\t\t\t\r\n\t\t\t\t<\/div>\r\n\t\t\t<\/div>\r\n\t\t<\/div>\r\n\r\n\t\t\t\t<\/div>\n\n\t\t\t\t\t\t<\/div>\n\t\t\t\t<\/div>\n\t\t\t\t<\/div>\n\t\t\t\t\t<\/div>\n\t\t\t\t<\/div>\n\t\t<div class=\"elementor-element elementor-element-015a62a e-flex e-con-boxed e-con e-parent\" data-id=\"015a62a\" data-element_type=\"container\">\n\t\t\t\t\t<div class=\"e-con-inner\">\n\t\t\t\t\t<\/div>\n\t\t\t\t<\/div>\n\t\t\t\t<\/div>","protected":false},"excerpt":{"rendered":"<p>\ud83c\udfb6Matala Street Painting &amp; Matala Beach Festival 2025\ud83c\udfa8 \u0391\u03c0\u03cc \u03c4\u03bf \u03a0\u03b9\u03bd\u03ad\u03bb\u03bf \u03c3\u03c4\u03b7 \u03a3\u03ba\u03b7\u03bd\u03ae \u2013 \u03a4\u03b1 \u039c\u03ac\u03c4\u03b1\u03bb\u03b1 \u03bd\u03c4\u03cd\u03bd\u03bf\u03bd\u03c4\u03b1\u03b9 \u03ba\u03b1\u03bb\u03bf\u03ba\u03b1\u03af\u03c1\u03b9! \u038c\u03c4\u03b1\u03bd \u03b7 \u03c4\u03ad\u03c7\u03bd\u03b7 \u03c3\u03c5\u03bd\u03b1\u03bd\u03c4\u03ac \u03c4\u03b7 \u03b8\u03ac\u03bb\u03b1\u03c3\u03c3\u03b1 \u03ba\u03b1\u03b9 \u03b7 \u03bc\u03bf\u03c5\u03c3\u03b9\u03ba\u03ae \u03c3\u03bc\u03af\u03b3\u03b5\u03b9 \u03bc\u03b5 \u03c4\u03bf \u03c6\u03c9\u03c2 \u03c4\u03bf\u03c5 \u03bd\u03cc\u03c4\u03bf\u03c5, \u03c4\u03cc\u03c4\u03b5 \u03be\u03ad\u03c1\u03b5\u03b9\u03c2 \u03c0\u03c9\u03c2 \u03b2\u03c1\u03af\u03c3\u03ba\u03b5\u03c3\u03b1\u03b9 \u03c3\u03c4\u03b1 \u039c\u03ac\u03c4\u03b1\u03bb\u03b1. \u0395\u03ba\u03b5\u03af \u03c0\u03bf\u03c5 \u03ba\u03ac\u03b8\u03b5 \u03ba\u03b1\u03bb\u03bf\u03ba\u03b1\u03af\u03c1\u03b9 \u03b7 \u03b4\u03b7\u03bc\u03b9\u03bf\u03c5\u03c1\u03b3\u03af\u03b1 \u03c0\u03b1\u03af\u03c1\u03bd\u03b5\u03b9 \u03c3\u03ac\u03c1\u03ba\u03b1 \u03ba\u03b1\u03b9 \u03bf\u03c3\u03c4\u03ac \u2013 \u03c3\u03c4\u03b1 \u03c7\u03c1\u03ce\u03bc\u03b1\u03c4\u03b1 \u03c4\u03bf\u03c5 \u03b4\u03c1\u03cc\u03bc\u03bf\u03c5 \u03ba\u03b1\u03b9 [&hellip;]<\/p>","protected":false},"author":7,"featured_media":17084,"comment_status":"closed","ping_status":"closed","sticky":false,"template":"elementor_header_footer","format":"standard","meta":{"footnotes":""},"categories":[60],"tags":[158,160,159,157,154,152,146,156,149,150,151,162,145,144,147,136,153,161,155,148],"class_list":["post-17082","post","type-post","status-publish","format-standard","has-post-thumbnail","hentry","category-events","tag-alternative-musikbuhnen","tag-boho-vibes-griechenland","tag-dj-line-up-kreta","tag-familienfreundliche-festivals","tag-freier-eintritt-festival","tag-hippie-stimmung","tag-kreta-festival-2025","tag-kulturelle-events-kreta","tag-kunstfestival-kreta","tag-live-musik-matala","tag-malaktion-fur-kinder","tag-matala-2025-erlebnisse","tag-matala-beach-festival","tag-matala-street-painting","tag-musikfestival-griechenland","tag-sommer-auf-kreta","tag-strandveranstaltungen-kreta","tag-sud-kreta-events","tag-urlaub-in-matala","tag-veranstaltungen-auf-kreta"],"yoast_head":"<!-- This site is optimized with the Yoast SEO plugin v25.9 - https:\/\/yoast.com\/wordpress\/plugins\/seo\/ -->\n<title>Matala Beach Festival<\/title>\n<meta name=\"description\" content=\"\ud83c\udfb6Matala Street Painting &amp; Matala Beach Festival 2025\ud83c\udfa8 \u0391\u03c0\u03cc \u03c4\u03bf \u03a0\u03b9\u03bd\u03ad\u03bb\u03bf \u03c3\u03c4\u03b7 \u03a3\u03ba\u03b7\u03bd\u03ae \u2013 \u03a4\u03b1 \u039c\u03ac\u03c4\u03b1\u03bb\u03b1 \u03bd\u03c4\u03cd\u03bd\u03bf\u03bd\u03c4\u03b1\u03b9 \u03ba\u03b1\u03bb\u03bf\u03ba\u03b1\u03af\u03c1\u03b9! \u038c\u03c4\u03b1\u03bd \u03b7 \u03c4\u03ad\u03c7\u03bd\u03b7 \u03c3\u03c5\u03bd\u03b1\u03bd\u03c4\u03ac \u03c4\u03b7 \u03b8\u03ac\u03bb\u03b1\u03c3\u03c3\u03b1 \u03ba\u03b1\u03b9 \u03b7\" \/>\n<meta name=\"robots\" content=\"index, follow, max-snippet:-1, max-image-preview:large, max-video-preview:-1\" \/>\n<link rel=\"canonical\" href=\"https:\/\/matala-pitsidia.com\/de\/matala-beach-festival-2025\/\" \/>\n<meta property=\"og:locale\" content=\"de_DE\" \/>\n<meta property=\"og:type\" content=\"article\" \/>\n<meta property=\"og:title\" content=\"Matala Beach Festival\" \/>\n<meta property=\"og:description\" content=\"\ud83c\udfb6Matala Street Painting &amp; Matala Beach Festival 2025\ud83c\udfa8 \u0391\u03c0\u03cc \u03c4\u03bf \u03a0\u03b9\u03bd\u03ad\u03bb\u03bf \u03c3\u03c4\u03b7 \u03a3\u03ba\u03b7\u03bd\u03ae \u2013 \u03a4\u03b1 \u039c\u03ac\u03c4\u03b1\u03bb\u03b1 \u03bd\u03c4\u03cd\u03bd\u03bf\u03bd\u03c4\u03b1\u03b9 \u03ba\u03b1\u03bb\u03bf\u03ba\u03b1\u03af\u03c1\u03b9! \u038c\u03c4\u03b1\u03bd \u03b7 \u03c4\u03ad\u03c7\u03bd\u03b7 \u03c3\u03c5\u03bd\u03b1\u03bd\u03c4\u03ac \u03c4\u03b7 \u03b8\u03ac\u03bb\u03b1\u03c3\u03c3\u03b1 \u03ba\u03b1\u03b9 \u03b7\" \/>\n<meta property=\"og:url\" content=\"https:\/\/matala-pitsidia.com\/de\/matala-beach-festival-2025\/\" \/>\n<meta property=\"og:site_name\" content=\"Xenophon-Accommodations\" \/>\n<meta property=\"article:publisher\" content=\"https:\/\/www.facebook.com\/profile.php?id=100082955871327\" \/>\n<meta property=\"article:published_time\" content=\"2025-06-27T05:58:41+00:00\" \/>\n<meta property=\"article:modified_time\" content=\"2025-07-03T12:41:52+00:00\" \/>\n<meta property=\"og:image\" content=\"https:\/\/matala-pitsidia.com\/wp-content\/uploads\/2025\/06\/2025-Matala-Beach-Festival.jpg\" \/>\n\t<meta property=\"og:image:width\" content=\"1080\" \/>\n\t<meta property=\"og:image:height\" content=\"1350\" \/>\n\t<meta property=\"og:image:type\" content=\"image\/jpeg\" \/>\n<meta name=\"author\" content=\"Sofi\" \/>\n<meta name=\"twitter:card\" content=\"summary_large_image\" \/>\n<meta name=\"twitter:label1\" content=\"Verfasst von\" \/>\n\t<meta name=\"twitter:data1\" content=\"Sofi\" \/>\n\t<meta name=\"twitter:label2\" content=\"Gesch\u00e4tzte Lesezeit\" \/>\n\t<meta name=\"twitter:data2\" content=\"7\u00a0Minuten\" \/>\n<script type=\"application\/ld+json\" class=\"yoast-schema-graph\">{\"@context\":\"https:\/\/schema.org\",\"@graph\":[{\"@type\":\"WebPage\",\"@id\":\"https:\/\/matala-pitsidia.com\/matala-beach-festival-2025\/\",\"url\":\"https:\/\/matala-pitsidia.com\/matala-beach-festival-2025\/\",\"name\":\"Matala Beach Festival\",\"isPartOf\":{\"@id\":\"https:\/\/matala-pitsidia.com\/#website\"},\"primaryImageOfPage\":{\"@id\":\"https:\/\/matala-pitsidia.com\/matala-beach-festival-2025\/#primaryimage\"},\"image\":{\"@id\":\"https:\/\/matala-pitsidia.com\/matala-beach-festival-2025\/#primaryimage\"},\"thumbnailUrl\":\"https:\/\/matala-pitsidia.com\/wp-content\/uploads\/2025\/06\/2025-Matala-Beach-Festival.jpg\",\"datePublished\":\"2025-06-27T05:58:41+00:00\",\"dateModified\":\"2025-07-03T12:41:52+00:00\",\"description\":\"\ud83c\udfb6Matala Street Painting &amp; Matala Beach Festival 2025\ud83c\udfa8 \u0391\u03c0\u03cc \u03c4\u03bf \u03a0\u03b9\u03bd\u03ad\u03bb\u03bf \u03c3\u03c4\u03b7 \u03a3\u03ba\u03b7\u03bd\u03ae \u2013 \u03a4\u03b1 \u039c\u03ac\u03c4\u03b1\u03bb\u03b1 \u03bd\u03c4\u03cd\u03bd\u03bf\u03bd\u03c4\u03b1\u03b9 \u03ba\u03b1\u03bb\u03bf\u03ba\u03b1\u03af\u03c1\u03b9! \u038c\u03c4\u03b1\u03bd \u03b7 \u03c4\u03ad\u03c7\u03bd\u03b7 \u03c3\u03c5\u03bd\u03b1\u03bd\u03c4\u03ac \u03c4\u03b7 \u03b8\u03ac\u03bb\u03b1\u03c3\u03c3\u03b1 \u03ba\u03b1\u03b9 \u03b7\",\"breadcrumb\":{\"@id\":\"https:\/\/matala-pitsidia.com\/matala-beach-festival-2025\/#breadcrumb\"},\"inLanguage\":\"de\",\"potentialAction\":[{\"@type\":\"ReadAction\",\"target\":[\"https:\/\/matala-pitsidia.com\/matala-beach-festival-2025\/\"]}]},{\"@type\":\"ImageObject\",\"inLanguage\":\"de\",\"@id\":\"https:\/\/matala-pitsidia.com\/matala-beach-festival-2025\/#primaryimage\",\"url\":\"https:\/\/matala-pitsidia.com\/wp-content\/uploads\/2025\/06\/2025-Matala-Beach-Festival.jpg\",\"contentUrl\":\"https:\/\/matala-pitsidia.com\/wp-content\/uploads\/2025\/06\/2025-Matala-Beach-Festival.jpg\",\"width\":1080,\"height\":1350},{\"@type\":\"BreadcrumbList\",\"@id\":\"https:\/\/matala-pitsidia.com\/matala-beach-festival-2025\/#breadcrumb\",\"itemListElement\":[{\"@type\":\"ListItem\",\"position\":1,\"name\":\"Home\",\"item\":\"https:\/\/matala-pitsidia.com\/\"},{\"@type\":\"ListItem\",\"position\":2,\"name\":\"Matala Beach Festival\"}]},{\"@type\":\"WebSite\",\"@id\":\"https:\/\/matala-pitsidia.com\/#website\",\"url\":\"https:\/\/matala-pitsidia.com\/\",\"name\":\"Xenophon Accommodations\",\"description\":\"\",\"publisher\":{\"@id\":\"https:\/\/matala-pitsidia.com\/#organization\"},\"potentialAction\":[{\"@type\":\"SearchAction\",\"target\":{\"@type\":\"EntryPoint\",\"urlTemplate\":\"https:\/\/matala-pitsidia.com\/?s={search_term_string}\"},\"query-input\":{\"@type\":\"PropertyValueSpecification\",\"valueRequired\":true,\"valueName\":\"search_term_string\"}}],\"inLanguage\":\"de\"},{\"@type\":\"Organization\",\"@id\":\"https:\/\/matala-pitsidia.com\/#organization\",\"name\":\"Xenophon Accommodations\",\"url\":\"https:\/\/matala-pitsidia.com\/\",\"logo\":{\"@type\":\"ImageObject\",\"inLanguage\":\"de\",\"@id\":\"https:\/\/matala-pitsidia.com\/#\/schema\/logo\/image\/\",\"url\":\"https:\/\/matala-pitsidia.com\/wp-content\/uploads\/2024\/09\/Logo-Xenophon.png\",\"contentUrl\":\"https:\/\/matala-pitsidia.com\/wp-content\/uploads\/2024\/09\/Logo-Xenophon.png\",\"width\":452,\"height\":245,\"caption\":\"Xenophon Accommodations\"},\"image\":{\"@id\":\"https:\/\/matala-pitsidia.com\/#\/schema\/logo\/image\/\"},\"sameAs\":[\"https:\/\/www.facebook.com\/profile.php?id=100082955871327\",\"https:\/\/www.instagram.com\/accommodations_xenophon\/\"]}]}<\/script>\n<!-- \/ Yoast SEO plugin. -->","yoast_head_json":{"title":"Matala Beach Festival","description":"\ud83c\udfb6Matala Street Painting &amp; Matala Beach Festival 2025\ud83c\udfa8 \u0391\u03c0\u03cc \u03c4\u03bf \u03a0\u03b9\u03bd\u03ad\u03bb\u03bf \u03c3\u03c4\u03b7 \u03a3\u03ba\u03b7\u03bd\u03ae \u2013 \u03a4\u03b1 \u039c\u03ac\u03c4\u03b1\u03bb\u03b1 \u03bd\u03c4\u03cd\u03bd\u03bf\u03bd\u03c4\u03b1\u03b9 \u03ba\u03b1\u03bb\u03bf\u03ba\u03b1\u03af\u03c1\u03b9! \u038c\u03c4\u03b1\u03bd \u03b7 \u03c4\u03ad\u03c7\u03bd\u03b7 \u03c3\u03c5\u03bd\u03b1\u03bd\u03c4\u03ac \u03c4\u03b7 \u03b8\u03ac\u03bb\u03b1\u03c3\u03c3\u03b1 \u03ba\u03b1\u03b9 \u03b7","robots":{"index":"index","follow":"follow","max-snippet":"max-snippet:-1","max-image-preview":"max-image-preview:large","max-video-preview":"max-video-preview:-1"},"canonical":"https:\/\/matala-pitsidia.com\/de\/matala-beach-festival-2025\/","og_locale":"de_DE","og_type":"article","og_title":"Matala Beach Festival","og_description":"\ud83c\udfb6Matala Street Painting &amp; Matala Beach Festival 2025\ud83c\udfa8 \u0391\u03c0\u03cc \u03c4\u03bf \u03a0\u03b9\u03bd\u03ad\u03bb\u03bf \u03c3\u03c4\u03b7 \u03a3\u03ba\u03b7\u03bd\u03ae \u2013 \u03a4\u03b1 \u039c\u03ac\u03c4\u03b1\u03bb\u03b1 \u03bd\u03c4\u03cd\u03bd\u03bf\u03bd\u03c4\u03b1\u03b9 \u03ba\u03b1\u03bb\u03bf\u03ba\u03b1\u03af\u03c1\u03b9! \u038c\u03c4\u03b1\u03bd \u03b7 \u03c4\u03ad\u03c7\u03bd\u03b7 \u03c3\u03c5\u03bd\u03b1\u03bd\u03c4\u03ac \u03c4\u03b7 \u03b8\u03ac\u03bb\u03b1\u03c3\u03c3\u03b1 \u03ba\u03b1\u03b9 \u03b7","og_url":"https:\/\/matala-pitsidia.com\/de\/matala-beach-festival-2025\/","og_site_name":"Xenophon-Accommodations","article_publisher":"https:\/\/www.facebook.com\/profile.php?id=100082955871327","article_published_time":"2025-06-27T05:58:41+00:00","article_modified_time":"2025-07-03T12:41:52+00:00","og_image":[{"width":1080,"height":1350,"url":"https:\/\/matala-pitsidia.com\/wp-content\/uploads\/2025\/06\/2025-Matala-Beach-Festival.jpg","type":"image\/jpeg"}],"author":"Sofi","twitter_card":"summary_large_image","twitter_misc":{"Verfasst von":"Sofi","Gesch\u00e4tzte Lesezeit":"7\u00a0Minuten"},"schema":{"@context":"https:\/\/schema.org","@graph":[{"@type":"WebPage","@id":"https:\/\/matala-pitsidia.com\/matala-beach-festival-2025\/","url":"https:\/\/matala-pitsidia.com\/matala-beach-festival-2025\/","name":"Matala Beach Festival","isPartOf":{"@id":"https:\/\/matala-pitsidia.com\/#website"},"primaryImageOfPage":{"@id":"https:\/\/matala-pitsidia.com\/matala-beach-festival-2025\/#primaryimage"},"image":{"@id":"https:\/\/matala-pitsidia.com\/matala-beach-festival-2025\/#primaryimage"},"thumbnailUrl":"https:\/\/matala-pitsidia.com\/wp-content\/uploads\/2025\/06\/2025-Matala-Beach-Festival.jpg","datePublished":"2025-06-27T05:58:41+00:00","dateModified":"2025-07-03T12:41:52+00:00","description":"\ud83c\udfb6Matala Street Painting &amp; Matala Beach Festival 2025\ud83c\udfa8 \u0391\u03c0\u03cc \u03c4\u03bf \u03a0\u03b9\u03bd\u03ad\u03bb\u03bf \u03c3\u03c4\u03b7 \u03a3\u03ba\u03b7\u03bd\u03ae \u2013 \u03a4\u03b1 \u039c\u03ac\u03c4\u03b1\u03bb\u03b1 \u03bd\u03c4\u03cd\u03bd\u03bf\u03bd\u03c4\u03b1\u03b9 \u03ba\u03b1\u03bb\u03bf\u03ba\u03b1\u03af\u03c1\u03b9! \u038c\u03c4\u03b1\u03bd \u03b7 \u03c4\u03ad\u03c7\u03bd\u03b7 \u03c3\u03c5\u03bd\u03b1\u03bd\u03c4\u03ac \u03c4\u03b7 \u03b8\u03ac\u03bb\u03b1\u03c3\u03c3\u03b1 \u03ba\u03b1\u03b9 \u03b7","breadcrumb":{"@id":"https:\/\/matala-pitsidia.com\/matala-beach-festival-2025\/#breadcrumb"},"inLanguage":"de","potentialAction":[{"@type":"ReadAction","target":["https:\/\/matala-pitsidia.com\/matala-beach-festival-2025\/"]}]},{"@type":"ImageObject","inLanguage":"de","@id":"https:\/\/matala-pitsidia.com\/matala-beach-festival-2025\/#primaryimage","url":"https:\/\/matala-pitsidia.com\/wp-content\/uploads\/2025\/06\/2025-Matala-Beach-Festival.jpg","contentUrl":"https:\/\/matala-pitsidia.com\/wp-content\/uploads\/2025\/06\/2025-Matala-Beach-Festival.jpg","width":1080,"height":1350},{"@type":"BreadcrumbList","@id":"https:\/\/matala-pitsidia.com\/matala-beach-festival-2025\/#breadcrumb","itemListElement":[{"@type":"ListItem","position":1,"name":"Home","item":"https:\/\/matala-pitsidia.com\/"},{"@type":"ListItem","position":2,"name":"Matala Beach Festival"}]},{"@type":"WebSite","@id":"https:\/\/matala-pitsidia.com\/#website","url":"https:\/\/matala-pitsidia.com\/","name":"Xenophon Accommodations","description":"","publisher":{"@id":"https:\/\/matala-pitsidia.com\/#organization"},"potentialAction":[{"@type":"SearchAction","target":{"@type":"EntryPoint","urlTemplate":"https:\/\/matala-pitsidia.com\/?s={search_term_string}"},"query-input":{"@type":"PropertyValueSpecification","valueRequired":true,"valueName":"search_term_string"}}],"inLanguage":"de"},{"@type":"Organization","@id":"https:\/\/matala-pitsidia.com\/#organization","name":"Xenophon Accommodations","url":"https:\/\/matala-pitsidia.com\/","logo":{"@type":"ImageObject","inLanguage":"de","@id":"https:\/\/matala-pitsidia.com\/#\/schema\/logo\/image\/","url":"https:\/\/matala-pitsidia.com\/wp-content\/uploads\/2024\/09\/Logo-Xenophon.png","contentUrl":"https:\/\/matala-pitsidia.com\/wp-content\/uploads\/2024\/09\/Logo-Xenophon.png","width":452,"height":245,"caption":"Xenophon Accommodations"},"image":{"@id":"https:\/\/matala-pitsidia.com\/#\/schema\/logo\/image\/"},"sameAs":["https:\/\/www.facebook.com\/profile.php?id=100082955871327","https:\/\/www.instagram.com\/accommodations_xenophon\/"]}]}},"_links":{"self":[{"href":"https:\/\/matala-pitsidia.com\/de\/wp-json\/wp\/v2\/posts\/17082","targetHints":{"allow":["GET"]}}],"collection":[{"href":"https:\/\/matala-pitsidia.com\/de\/wp-json\/wp\/v2\/posts"}],"about":[{"href":"https:\/\/matala-pitsidia.com\/de\/wp-json\/wp\/v2\/types\/post"}],"author":[{"embeddable":true,"href":"https:\/\/matala-pitsidia.com\/de\/wp-json\/wp\/v2\/users\/7"}],"replies":[{"embeddable":true,"href":"https:\/\/matala-pitsidia.com\/de\/wp-json\/wp\/v2\/comments?post=17082"}],"version-history":[{"count":25,"href":"https:\/\/matala-pitsidia.com\/de\/wp-json\/wp\/v2\/posts\/17082\/revisions"}],"predecessor-version":[{"id":17133,"href":"https:\/\/matala-pitsidia.com\/de\/wp-json\/wp\/v2\/posts\/17082\/revisions\/17133"}],"wp:featuredmedia":[{"embeddable":true,"href":"https:\/\/matala-pitsidia.com\/de\/wp-json\/wp\/v2\/media\/17084"}],"wp:attachment":[{"href":"https:\/\/matala-pitsidia.com\/de\/wp-json\/wp\/v2\/media?parent=17082"}],"wp:term":[{"taxonomy":"category","embeddable":true,"href":"https:\/\/matala-pitsidia.com\/de\/wp-json\/wp\/v2\/categories?post=17082"},{"taxonomy":"post_tag","embeddable":true,"href":"https:\/\/matala-pitsidia.com\/de\/wp-json\/wp\/v2\/tags?post=17082"}],"curies":[{"name":"wp","href":"https:\/\/api.w.org\/{rel}","templated":true}]}}